
{"id":8063,"date":"2025-04-08T22:37:15","date_gmt":"2025-04-08T19:37:15","guid":{"rendered":"https:\/\/akademiye.org\/tr\/?p=8063"},"modified":"2025-04-10T20:21:09","modified_gmt":"2025-04-10T17:21:09","slug":"ankarada-barin-katliami-ve-dogu-turkistan-meselesi-konulu-panel-duzenlendi","status":"publish","type":"post","link":"https:\/\/akademiye.org\/tr\/?p=8063","title":{"rendered":"Ankara\u2019da \u201cBar\u0131n Katliam\u0131 ve Do\u011fu T\u00fcrkistan Meselesi\u201d konulu panel d\u00fczenlendi"},"content":{"rendered":"<p><img loading=\"lazy\" decoding=\"async\" class=\"alignnone size-full wp-image-8064\" src=\"https:\/\/akademiye.org\/tr\/wp-content\/uploads\/2025\/04\/489967558_10162457015159487_1068853840139707666_n.jpg\" alt=\"\" width=\"2000\" height=\"1500\" srcset=\"https:\/\/akademiye.org\/tr\/wp-content\/uploads\/2025\/04\/489967558_10162457015159487_1068853840139707666_n.jpg 2000w, https:\/\/akademiye.org\/tr\/wp-content\/uploads\/2025\/04\/489967558_10162457015159487_1068853840139707666_n-400x300.jpg 400w, https:\/\/akademiye.org\/tr\/wp-content\/uploads\/2025\/04\/489967558_10162457015159487_1068853840139707666_n-1024x768.jpg 1024w, https:\/\/akademiye.org\/tr\/wp-content\/uploads\/2025\/04\/489967558_10162457015159487_1068853840139707666_n-768x576.jpg 768w, https:\/\/akademiye.org\/tr\/wp-content\/uploads\/2025\/04\/489967558_10162457015159487_1068853840139707666_n-1536x1152.jpg 1536w\" sizes=\"auto, (max-width: 2000px) 100vw, 2000px\" \/><\/p>\n<p><strong>Bar\u0131n katliam\u0131n\u0131n 35. y\u0131ld\u00f6n\u00fcm\u00fc m\u00fcnasebetiyle Ankara\u2019da, \u201c5 Nisan 1990 Bar\u0131n Katliam\u0131 ve Do\u011fu T\u00fcrkistan Meselesi\u201d konulu panel d\u00fczenlendi.<\/strong><\/p>\n<p>Avaz Ara\u015ft\u0131rma ve Strateji Merkezinin ev sahipli\u011fi, Uygur Akademisi Vakf\u0131 ve D\u00fcnya Uygur Kurultay\u0131 Vakf\u0131n\u0131n i\u015fbirli\u011fiyle yap\u0131lan bu toplant\u0131ya Do\u011fu T\u00fcrkistan Davas\u0131na g\u00f6n\u00fcl veren STK y\u00f6neticileri, eski milletvekilleri, ara\u015ft\u0131rmac\u0131 ve akademisyenler olarak 50 den fazla ki\u015fi kat\u0131ld\u0131.<\/p>\n<p><img loading=\"lazy\" decoding=\"async\" class=\"alignnone size-full wp-image-8066\" src=\"https:\/\/akademiye.org\/tr\/wp-content\/uploads\/2025\/04\/489914610_10162457015024487_501529659942760665_n.jpg\" alt=\"\" width=\"2000\" height=\"922\" srcset=\"https:\/\/akademiye.org\/tr\/wp-content\/uploads\/2025\/04\/489914610_10162457015024487_501529659942760665_n.jpg 2000w, https:\/\/akademiye.org\/tr\/wp-content\/uploads\/2025\/04\/489914610_10162457015024487_501529659942760665_n-400x184.jpg 400w, https:\/\/akademiye.org\/tr\/wp-content\/uploads\/2025\/04\/489914610_10162457015024487_501529659942760665_n-1024x472.jpg 1024w, https:\/\/akademiye.org\/tr\/wp-content\/uploads\/2025\/04\/489914610_10162457015024487_501529659942760665_n-768x354.jpg 768w, https:\/\/akademiye.org\/tr\/wp-content\/uploads\/2025\/04\/489914610_10162457015024487_501529659942760665_n-1536x708.jpg 1536w\" sizes=\"auto, (max-width: 2000px) 100vw, 2000px\" \/><\/p>\n<p>A\u00e7\u0131l\u0131\u015f konu\u015fmas\u0131n\u0131 yapan Avaz Ara\u015ft\u0131rma ve Strateji Merkezi ba\u015fkan\u0131 say\u0131n \u015eerafettin Deniz, Do\u011fu T\u00fcrkistan davas\u0131yla ilgili T\u00fcrkiye\u2019de eskiden daha fazla \u00e7apa g\u00f6sterilirken, T\u00fcrkiye\u2019yi y\u00f6netenlerin \u015fimdilerde daha fazla Filistin meselesini g\u00fcndeme getirerek, Do\u011fu T\u00fcrkistan meselesini g\u00fcndem d\u0131\u015f\u0131 tutarak ilgisiz kalmas\u0131n\u0131n kabul edilemez yanl\u0131\u015f bir politika oldu\u011funu, Do\u011fu T\u00fcrkistan meselesinin T\u00fcrkiye\u2019nin milli meselesi oldu\u011funu vurgulad\u0131.<\/p>\n<p><img loading=\"lazy\" decoding=\"async\" class=\"alignnone size-full wp-image-8065\" src=\"https:\/\/akademiye.org\/tr\/wp-content\/uploads\/2025\/04\/489633162_10162457015019487_4741467569879474205_n.jpg\" alt=\"\" width=\"2048\" height=\"1152\" srcset=\"https:\/\/akademiye.org\/tr\/wp-content\/uploads\/2025\/04\/489633162_10162457015019487_4741467569879474205_n.jpg 2048w, https:\/\/akademiye.org\/tr\/wp-content\/uploads\/2025\/04\/489633162_10162457015019487_4741467569879474205_n-400x225.jpg 400w, https:\/\/akademiye.org\/tr\/wp-content\/uploads\/2025\/04\/489633162_10162457015019487_4741467569879474205_n-1024x576.jpg 1024w, https:\/\/akademiye.org\/tr\/wp-content\/uploads\/2025\/04\/489633162_10162457015019487_4741467569879474205_n-768x432.jpg 768w, https:\/\/akademiye.org\/tr\/wp-content\/uploads\/2025\/04\/489633162_10162457015019487_4741467569879474205_n-1536x864.jpg 1536w\" sizes=\"auto, (max-width: 2048px) 100vw, 2048px\" \/><\/p>\n<p>Ard\u0131ndan Panel moderat\u00f6r\u00fc Eski Milletvekili Fahrettin Yoku\u015f kendisinin bir T\u00fcrk milliyet\u00e7isi olarak 40 senedir Do\u011fu T\u00fcrkistan davas\u0131yla ilgilendi\u011fini, gen\u00e7 ya\u015flar\u0131nda ve KAMUSEN y\u00f6netimindeyken senelerce \u00c7in\u2019in Do\u011fu T\u00fcrkistan\u2019da yapt\u0131\u011f\u0131 zulme kar\u015f\u0131 \u00c7in B\u00fcy\u00fckel\u00e7ili\u011finin \u00f6n\u00fcnde g\u00f6steriler d\u00fczenledi\u011fini, milletvekiliyken \u00e7ok defa soru \u00f6nergesi ve bas\u0131n a\u00e7\u0131klamas\u0131 yapt\u0131\u011f\u0131n\u0131, \u00c7in Ankara b\u00fcy\u00fckel\u00e7isine Do\u011fu T\u00fcrkistan\u2019daki Toplama Kamplar\u0131yla ilgili soru sorarak s\u0131k\u0131\u015ft\u0131rd\u0131\u011f\u0131n\u0131 hat\u0131rlatt\u0131 ve kendisini T\u00fcrk diye tan\u0131mlayan herkesin Do\u011fu T\u00fcrkistan meselesiyle yeterince ilgilenmesi gerekti\u011fini vurgulad\u0131.<\/p>\n<p><img loading=\"lazy\" decoding=\"async\" class=\"alignnone size-full wp-image-8067\" src=\"https:\/\/akademiye.org\/tr\/wp-content\/uploads\/2025\/04\/489528501_10162457015579487_1554689303506919095_n.jpg\" alt=\"\" width=\"2000\" height=\"922\" srcset=\"https:\/\/akademiye.org\/tr\/wp-content\/uploads\/2025\/04\/489528501_10162457015579487_1554689303506919095_n.jpg 2000w, https:\/\/akademiye.org\/tr\/wp-content\/uploads\/2025\/04\/489528501_10162457015579487_1554689303506919095_n-400x184.jpg 400w, https:\/\/akademiye.org\/tr\/wp-content\/uploads\/2025\/04\/489528501_10162457015579487_1554689303506919095_n-1024x472.jpg 1024w, https:\/\/akademiye.org\/tr\/wp-content\/uploads\/2025\/04\/489528501_10162457015579487_1554689303506919095_n-768x354.jpg 768w, https:\/\/akademiye.org\/tr\/wp-content\/uploads\/2025\/04\/489528501_10162457015579487_1554689303506919095_n-1536x708.jpg 1536w\" sizes=\"auto, (max-width: 2000px) 100vw, 2000px\" \/><\/p>\n<p>Ard\u0131ndan Uygur akademisyen Ankara \u00fcniversitesi Dil ve Tarih-Co\u011frafya fak\u00fcltesi \u00f6\u011fretim \u00fcyesi ve D\u00fcnya Uygur Kurultay\u0131 S\u00f6zc\u00fcs\u00fc Prof. Dr. Erkin Emet, 1949 \u00c7in \u0130\u015fgalinden g\u00fcn\u00fcm\u00fcze kadar olan Do\u011fu T\u00fcrkistan Milli M\u00fccadelesini k\u0131saca anlatt\u0131. O konu\u015fmas\u0131nda Do\u011fu T\u00fcrkistanl\u0131lar\u0131n 141 y\u0131ld\u0131r \u00c7in\u2019e kar\u015f\u0131 m\u00fccadele etmekte oldu\u011funu, 12 Kas\u0131m 1933 ve 12 Kas\u0131m 1944 tarihlerinde iki defa Do\u011fu T\u00fcrkistan Cumhuriyetinin kuruldu\u011funu, ancak Sovyetler Birli\u011fi ile \u00c7in Kom\u00fcnist Partisi aras\u0131ndaki i\u015fbirli\u011fi sonucu bu ba\u011f\u0131ms\u0131z Do\u011fu T\u00fcrkistan Cumhuriyetlerinin y\u0131k\u0131ld\u0131\u011f\u0131n\u0131, \u00c7in Kom\u00fcnist Rejimin 1949 y\u0131l\u0131nda Do\u011fu T\u00fcrkistan\u2019\u0131 i\u015fgal etti\u011fini, i\u015fgal sonras\u0131 her 5-10 y\u0131lda bir b\u00fcy\u00fck ayaklanma ve silahl\u0131 direni\u015f hareketlerinin oldu\u011funu, dolay\u0131s\u0131yla Do\u011fu T\u00fcrkistan\u2019\u0131n her kar\u0131\u015f topra\u011f\u0131nda \u015fehitlerin kan\u0131 oldu\u011funu vurgulayarak, \u00c7in\u2019in ne yaparsa yaps\u0131n Do\u011fu T\u00fcrkistanl\u0131lar\u0131 boyun e\u011fdiremeyece\u011fini, \u00c7in i\u015fgalindeki Do\u011fu T\u00fcrkistan, Tibet, \u0130\u00e7 Mo\u011folistan, Man\u00e7urya ve Hong Kong gibi \u00fclkelerin yak\u0131n gelecekte mutlaka ba\u011f\u0131ms\u0131z olaca\u011f\u0131n\u0131 ifade etti.<\/p>\n<p><img loading=\"lazy\" decoding=\"async\" class=\"alignnone size-full wp-image-8068\" src=\"https:\/\/akademiye.org\/tr\/wp-content\/uploads\/2025\/04\/489549991_10162457015364487_2224412293229197785_n.jpg\" alt=\"\" width=\"2048\" height=\"1152\" srcset=\"https:\/\/akademiye.org\/tr\/wp-content\/uploads\/2025\/04\/489549991_10162457015364487_2224412293229197785_n.jpg 2048w, https:\/\/akademiye.org\/tr\/wp-content\/uploads\/2025\/04\/489549991_10162457015364487_2224412293229197785_n-400x225.jpg 400w, https:\/\/akademiye.org\/tr\/wp-content\/uploads\/2025\/04\/489549991_10162457015364487_2224412293229197785_n-1024x576.jpg 1024w, https:\/\/akademiye.org\/tr\/wp-content\/uploads\/2025\/04\/489549991_10162457015364487_2224412293229197785_n-768x432.jpg 768w, https:\/\/akademiye.org\/tr\/wp-content\/uploads\/2025\/04\/489549991_10162457015364487_2224412293229197785_n-1536x864.jpg 1536w\" sizes=\"auto, (max-width: 2048px) 100vw, 2048px\" \/><\/p>\n<p>Son olarak da Uygur akademisyen Ankara Y\u0131ld\u0131r\u0131m Beyaz\u0131t \u00dcniversitesi t\u0131p fak\u00fcltesi \u00f6\u011fretim \u00fcyesi ve Uygur Akademisi Y\u00fcksek\u00f6\u011fretim Komitesi m\u00fcd\u00fcr\u00fc Do\u00e7. Dr. Nimetcan Mehmet Orhun, Do\u011fu T\u00fcrkistan\u2019daki \u00c7in\u2019in Asimilasyon ve Soyk\u0131r\u0131m Politikas\u0131 konulu sunumunu yapt\u0131. O sunumunda \u00c7in\u2019in Do\u011fu T\u00fcrkistan\u2019da dini ibadetlerin yasaklama, resmi dil olan Uygurcay\u0131 e\u011fitimden kald\u0131rma, do\u011fum kontrol\u00fc, yapay zeka destekli ak\u0131ll\u0131 kamera sistemi kurma, \u015fehir ve k\u00f6ylerde yol ve sokaklarda askeri g\u00f6zetim sistemi kurma, 3 milyondan fazla Do\u011fu T\u00fcrkistanl\u0131y\u0131 toplama kamplar\u0131na hapsetme, b\u00fct\u00fcn Do\u011fu T\u00fcrkistanl\u0131lar\u0131n DNA\u2019s\u0131n\u0131 toplayarak biyolojik silah \u00fcretme gibi sistematik asimilasyon ve soyk\u0131r\u0131m politikalar\u0131n\u0131 akademik verilere ve belgelere dayand\u0131rarak kan\u0131tlar\u0131yla ortaya koydu. O sunumunda \u00c7in\u2019in Do\u011fu T\u00fcrkistan\u2019da i\u015fledi\u011fi soyk\u0131r\u0131m su\u00e7unu ABD, AB ve Japonya gibi \u00fclkelerin Soyk\u0131r\u0131m olarak tan\u0131d\u0131\u011f\u0131n\u0131, T\u00fcrk ve M\u00fcsl\u00fcman \u00fclkelerin aksine \u00c7in\u2019i destekleyerek Do\u011fu T\u00fcrkistanl\u0131 karde\u015flerine sahip \u00e7\u0131kmad\u0131klar\u0131n\u0131 \u00fcz\u00fclerek dile getirdi ve bu \u00fclkelerin bir an \u00f6nce bu yanl\u0131\u015fl\u0131ktan d\u00f6nerek, \u00c7in tehdidine kar\u015f\u0131 kendilerini savunmas\u0131 gerekti\u011fini ifade etti.<\/p>\n<p><img loading=\"lazy\" decoding=\"async\" class=\"alignnone size-full wp-image-8069\" src=\"https:\/\/akademiye.org\/tr\/wp-content\/uploads\/2025\/04\/490130199_10162457015139487_1355466188894010128_n.jpg\" alt=\"\" width=\"2048\" height=\"1152\" srcset=\"https:\/\/akademiye.org\/tr\/wp-content\/uploads\/2025\/04\/490130199_10162457015139487_1355466188894010128_n.jpg 2048w, https:\/\/akademiye.org\/tr\/wp-content\/uploads\/2025\/04\/490130199_10162457015139487_1355466188894010128_n-400x225.jpg 400w, https:\/\/akademiye.org\/tr\/wp-content\/uploads\/2025\/04\/490130199_10162457015139487_1355466188894010128_n-1024x576.jpg 1024w, https:\/\/akademiye.org\/tr\/wp-content\/uploads\/2025\/04\/490130199_10162457015139487_1355466188894010128_n-768x432.jpg 768w, https:\/\/akademiye.org\/tr\/wp-content\/uploads\/2025\/04\/490130199_10162457015139487_1355466188894010128_n-1536x864.jpg 1536w\" sizes=\"auto, (max-width: 2048px) 100vw, 2048px\" \/><\/p>\n<p>Sonunda soru cevap ile panel son buldu.<\/p>\n<p><img loading=\"lazy\" decoding=\"async\" class=\"alignnone size-full wp-image-8070\" src=\"https:\/\/akademiye.org\/tr\/wp-content\/uploads\/2025\/04\/490104020_10162457015434487_1035597463969764295_n.jpg\" alt=\"\" width=\"2048\" height=\"1152\" srcset=\"https:\/\/akademiye.org\/tr\/wp-content\/uploads\/2025\/04\/490104020_10162457015434487_1035597463969764295_n.jpg 2048w, https:\/\/akademiye.org\/tr\/wp-content\/uploads\/2025\/04\/490104020_10162457015434487_1035597463969764295_n-400x225.jpg 400w, https:\/\/akademiye.org\/tr\/wp-content\/uploads\/2025\/04\/490104020_10162457015434487_1035597463969764295_n-1024x576.jpg 1024w, https:\/\/akademiye.org\/tr\/wp-content\/uploads\/2025\/04\/490104020_10162457015434487_1035597463969764295_n-768x432.jpg 768w, https:\/\/akademiye.org\/tr\/wp-content\/uploads\/2025\/04\/490104020_10162457015434487_1035597463969764295_n-1536x864.jpg 1536w\" sizes=\"auto, (max-width: 2048px) 100vw, 2048px\" \/><\/p>\n","protected":false},"excerpt":{"rendered":"<p>Bar\u0131n katliam\u0131n\u0131n 35. y\u0131ld\u00f6n\u00fcm\u00fc m\u00fcnasebetiyle Ankara\u2019da, \u201c5 Nisan 1990 Bar\u0131n Katliam\u0131 ve Do\u011fu T\u00fcrkistan Meselesi\u201d konulu panel d\u00fczenlendi. Avaz Ara\u015ft\u0131rma ve Strateji Merkezinin ev sahipli\u011fi, Uygur Akademisi Vakf\u0131 ve D\u00fcnya Uygur Kurultay\u0131 Vakf\u0131n\u0131n i\u015fbirli\u011fiyle yap\u0131lan bu toplant\u0131ya Do\u011fu T\u00fcrkistan Davas\u0131na g\u00f6n\u00fcl veren STK y\u00f6neticileri, eski milletvekilleri, ara\u015ft\u0131rmac\u0131 ve akademisyenler olarak 50 den fazla ki\u015fi kat\u0131ld\u0131. [&hellip;]<\/p>\n","protected":false},"author":101025,"featured_media":0,"comment_status":"closed","ping_status":"closed","sticky":false,"template":"","format":"standard","meta":{"footnotes":""},"categories":[11],"tags":[],"class_list":["post-8063","post","type-post","status-publish","format-standard","hentry","category-etkinlikler"],"_links":{"self":[{"href":"https:\/\/akademiye.org\/tr\/index.php?rest_route=\/wp\/v2\/posts\/8063","targetHints":{"allow":["GET"]}}],"collection":[{"href":"https:\/\/akademiye.org\/tr\/index.php?rest_route=\/wp\/v2\/posts"}],"about":[{"href":"https:\/\/akademiye.org\/tr\/index.php?rest_route=\/wp\/v2\/types\/post"}],"author":[{"embeddable":true,"href":"https:\/\/akademiye.org\/tr\/index.php?rest_route=\/wp\/v2\/users\/101025"}],"replies":[{"embeddable":true,"href":"https:\/\/akademiye.org\/tr\/index.php?rest_route=%2Fwp%2Fv2%2Fcomments&post=8063"}],"version-history":[{"count":2,"href":"https:\/\/akademiye.org\/tr\/index.php?rest_route=\/wp\/v2\/posts\/8063\/revisions"}],"predecessor-version":[{"id":8073,"href":"https:\/\/akademiye.org\/tr\/index.php?rest_route=\/wp\/v2\/posts\/8063\/revisions\/8073"}],"wp:attachment":[{"href":"https:\/\/akademiye.org\/tr\/index.php?rest_route=%2Fwp%2Fv2%2Fmedia&parent=8063"}],"wp:term":[{"taxonomy":"category","embeddable":true,"href":"https:\/\/akademiye.org\/tr\/index.php?rest_route=%2Fwp%2Fv2%2Fcategories&post=8063"},{"taxonomy":"post_tag","embeddable":true,"href":"https:\/\/akademiye.org\/tr\/index.php?rest_route=%2Fwp%2Fv2%2Ftags&post=8063"}],"curies":[{"name":"wp","href":"https:\/\/api.w.org\/{rel}","templated":true}]}}