
{"id":7840,"date":"2024-06-24T15:39:55","date_gmt":"2024-06-24T12:39:55","guid":{"rendered":"https:\/\/akademiye.org\/tr\/?p=7840"},"modified":"2024-06-24T15:43:11","modified_gmt":"2024-06-24T12:43:11","slug":"cin-uygur-koylerinin-kulturel-anlam-tasiyan-isimlerini-degistirdi","status":"publish","type":"post","link":"https:\/\/akademiye.org\/tr\/?p=7840","title":{"rendered":"\u00c7in, Uygur k\u00f6ylerinin k\u00fclt\u00fcrel anlam ta\u015f\u0131yan isimlerini de\u011fi\u015ftirdi"},"content":{"rendered":"<p><strong>\u0130nsan Haklar\u0131 \u0130zleme \u00d6rg\u00fct\u00fc\u2019ne g\u00f6re \u00c7in, Do\u011fu T\u00fcrkistan\u2019daki 3600 k\u00f6y\u00fcn Uygur k\u00fclt\u00fcrel anlam\u0131 ta\u015f\u0131yan isimlerini de\u011fi\u015ftirdi. \u00d6rg\u00fct, \u00c7in\u2019in bu hamlesinin \u201cUygur ve \u0130slam k\u00fclt\u00fcr\u00fcn\u00fc yok etmek\u201d amac\u0131yla yap\u0131ld\u0131\u011f\u0131n\u0131 s\u00f6yledi.<\/strong><\/p>\n<p><img loading=\"lazy\" decoding=\"async\" class=\"alignnone wp-image-7843 \" src=\"https:\/\/akademiye.org\/tr\/wp-content\/uploads\/2024\/06\/hotan-400x267.jpg\" alt=\"\" width=\"984\" height=\"657\" srcset=\"https:\/\/akademiye.org\/tr\/wp-content\/uploads\/2024\/06\/hotan-400x267.jpg 400w, https:\/\/akademiye.org\/tr\/wp-content\/uploads\/2024\/06\/hotan-1024x683.jpg 1024w, https:\/\/akademiye.org\/tr\/wp-content\/uploads\/2024\/06\/hotan-768x512.jpg 768w, https:\/\/akademiye.org\/tr\/wp-content\/uploads\/2024\/06\/hotan-1536x1024.jpg 1536w, https:\/\/akademiye.org\/tr\/wp-content\/uploads\/2024\/06\/hotan-2048x1366.jpg 2048w\" sizes=\"auto, (max-width: 984px) 100vw, 984px\" \/><\/p>\n<p>Amerika Birle\u015fik Devletleri (ABD) merkezli \u0130nsan Haklar\u0131 \u0130zleme \u00d6rg\u00fct\u00fc\u2019n\u00fcn (Human Rights Watch) yay\u0131mlad\u0131\u011f\u0131 yeni rapora\u00a0g\u00f6re\u00a0\u00c7in y\u00f6netimi, Do\u011fu T\u00fcrkistan\u2019daki Uygurlar\u0131n dini, tarihi veya k\u00fclt\u00fcr\u00fcyle ilgili isimler ta\u015f\u0131yan y\u00fczlerce k\u00f6y\u00fcn ad\u0131n\u0131 2009-2023 aras\u0131nda de\u011fi\u015ftirdi.<\/p>\n<p>Ara\u015ft\u0131rma, \u00c7in\u2019in kendi yay\u0131mlad\u0131\u011f\u0131 verilere dayan\u0131yor. \u00c7in Ulusal \u0130statistik B\u00fcrosu\u2019nun internet sitesinde yay\u0131mlanan verilere dayanan ara\u015ft\u0131rmada ara\u015ft\u0131rmac\u0131lar, Do\u011fu T\u00fcrkistan\u2019daki k\u00f6ylerin 14 y\u0131l boyunca kaydedilen isimlerini inceledi.<\/p>\n<p>Bu s\u00fcre zarf\u0131nda Do\u011fu T\u00fcrkistan\u2019daki 25 bin k\u00f6yden \u00fc\u00e7 bin 600\u2019\u00fcn\u00fcn ismi de\u011fi\u015ftirildi. Bu verilere g\u00f6re \u201cbeg\u201d, \u201cbah\u015fi\u201d, \u201corda\u201d, \u201csultan,\u201d \u201ct\u00fcrbe\u201d ve \u201choca\u201d gibi kelimeler b\u00f6lge isimlerinden \u00e7\u0131kar\u0131ld\u0131 ve yerlerine \u201cuyum\u201d ve \u201cmutluluk\u201d gibi isimler koyuldu.<\/p>\n<p>\u0130nsan Haklar\u0131 \u0130zleme \u00d6rg\u00fct\u00fc, bu de\u011fi\u015fikliklerin b\u00fcy\u00fck k\u0131sm\u0131n\u0131n \u201cs\u0131radan bir de\u011fi\u015fiklik\u201d gibi g\u00f6r\u00fcnd\u00fc\u011f\u00fcn\u00fc s\u00f6yl\u00fcyor ancak bu de\u011fi\u015fikliklerin yakla\u015f\u0131k be\u015fte biri Uygur dini, k\u00fclt\u00fcr\u00fc veya tarihiyle ilgili referanslar\u0131 ortadan kald\u0131rd\u0131.<\/p>\n<h2 class=\"wp-block-heading\"><strong>\u0130sim de\u011fi\u015fikliklerinden baz\u0131 \u00f6rnekler<\/strong><\/h2>\n<p>Do\u011fu T\u00fcrkistan\u2019da baz\u0131 k\u00f6yler ise ad\u0131n\u0131 Uygur \u00e7alg\u0131lar\u0131ndan al\u0131yor. \u00d6rne\u011fin Do\u011fu T\u00fcrkistan\u2019daki Karaka\u015f il\u00e7esindeki Dutar k\u00f6y\u00fc. Dutar k\u00f6y\u00fcn\u00fcn ismi 2022\u2019de K\u0131z\u0131l Bayrak k\u00f6y\u00fc olarak de\u011fi\u015ftirildi.<\/p>\n<p>Raporda \u00f6ne \u00e7\u0131kan \u00f6rneklerden biri Do\u011fu T\u00fcrkistan\u2019\u0131n g\u00fcneybat\u0131s\u0131nda bulunan Aktu il\u00e7esindeki Akmescit k\u00f6y\u00fc. Akmescit k\u00f6y\u00fcn\u00fcn ismi 2018\u2019de \u201cBirlik k\u00f6y\u00fc\u201d olarak de\u011fi\u015ftirildi.<\/p>\n<p>Bir di\u011fer de\u011fi\u015fiklik ise Ka\u015fgar \u015fehrinde bulunuyor. Ad\u0131n\u0131 13. y\u00fczy\u0131l Pers \u015fairi Kutub el-Din el-\u015eirazi\u2019nin t\u00fcrbesinden alan Kutpidin Mazar k\u00f6y\u00fc, 2018\u2019de \u201cG\u00fcl \u00c7i\u00e7e\u011fi k\u00f6y\u00fc\u201d olarak kay\u0131tlara ge\u00e7ti.<\/p>\n<p>\u00c7in h\u00fck\u00fcmeti ayr\u0131ca sufi \u00f6\u011fretmenlerin isimlerini i\u00e7eren k\u00f6yleri de de\u011fi\u015ftiriyor. Buna \u00f6rnek olarak Aksu \u015fehrindeki Hoca Erik k\u00f6y\u00fcn\u00fcn ismi 2018\u2019de S\u00f6\u011f\u00fct k\u00f6y\u00fc olarak de\u011fi\u015ftirildi.<\/p>\n<p class=\"has-text-align-right\" style=\"text-align: right;\">Kaynak:\u00a0<a href=\"https:\/\/www.bbc.com\/news\/articles\/cxrrkl6ve39o\" target=\"_blank\" rel=\"noopener\">BBC<\/a>, HRW<\/p>\n","protected":false},"excerpt":{"rendered":"<p>\u0130nsan Haklar\u0131 \u0130zleme \u00d6rg\u00fct\u00fc\u2019ne g\u00f6re \u00c7in, Do\u011fu T\u00fcrkistan\u2019daki 3600 k\u00f6y\u00fcn Uygur k\u00fclt\u00fcrel anlam\u0131 ta\u015f\u0131yan isimlerini de\u011fi\u015ftirdi. \u00d6rg\u00fct, \u00c7in\u2019in bu hamlesinin \u201cUygur ve \u0130slam k\u00fclt\u00fcr\u00fcn\u00fc yok etmek\u201d amac\u0131yla yap\u0131ld\u0131\u011f\u0131n\u0131 s\u00f6yledi. Amerika Birle\u015fik Devletleri (ABD) merkezli \u0130nsan Haklar\u0131 \u0130zleme \u00d6rg\u00fct\u00fc\u2019n\u00fcn (Human Rights Watch) yay\u0131mlad\u0131\u011f\u0131 yeni rapora\u00a0g\u00f6re\u00a0\u00c7in y\u00f6netimi, Do\u011fu T\u00fcrkistan\u2019daki Uygurlar\u0131n dini, tarihi veya k\u00fclt\u00fcr\u00fcyle ilgili isimler ta\u015f\u0131yan [&hellip;]<\/p>\n","protected":false},"author":101025,"featured_media":0,"comment_status":"closed","ping_status":"closed","sticky":false,"template":"","format":"standard","meta":{"footnotes":""},"categories":[1,25],"tags":[],"class_list":["post-7840","post","type-post","status-publish","format-standard","hentry","category-genel","category-uygur-haber"],"_links":{"self":[{"href":"https:\/\/akademiye.org\/tr\/index.php?rest_route=\/wp\/v2\/posts\/7840","targetHints":{"allow":["GET"]}}],"collection":[{"href":"https:\/\/akademiye.org\/tr\/index.php?rest_route=\/wp\/v2\/posts"}],"about":[{"href":"https:\/\/akademiye.org\/tr\/index.php?rest_route=\/wp\/v2\/types\/post"}],"author":[{"embeddable":true,"href":"https:\/\/akademiye.org\/tr\/index.php?rest_route=\/wp\/v2\/users\/101025"}],"replies":[{"embeddable":true,"href":"https:\/\/akademiye.org\/tr\/index.php?rest_route=%2Fwp%2Fv2%2Fcomments&post=7840"}],"version-history":[{"count":3,"href":"https:\/\/akademiye.org\/tr\/index.php?rest_route=\/wp\/v2\/posts\/7840\/revisions"}],"predecessor-version":[{"id":7845,"href":"https:\/\/akademiye.org\/tr\/index.php?rest_route=\/wp\/v2\/posts\/7840\/revisions\/7845"}],"wp:attachment":[{"href":"https:\/\/akademiye.org\/tr\/index.php?rest_route=%2Fwp%2Fv2%2Fmedia&parent=7840"}],"wp:term":[{"taxonomy":"category","embeddable":true,"href":"https:\/\/akademiye.org\/tr\/index.php?rest_route=%2Fwp%2Fv2%2Fcategories&post=7840"},{"taxonomy":"post_tag","embeddable":true,"href":"https:\/\/akademiye.org\/tr\/index.php?rest_route=%2Fwp%2Fv2%2Ftags&post=7840"}],"curies":[{"name":"wp","href":"https:\/\/api.w.org\/{rel}","templated":true}]}}