
{"id":3826,"date":"2020-04-01T18:46:13","date_gmt":"2020-04-01T15:46:13","guid":{"rendered":"https:\/\/akademiye.org\/tr\/?p=3826"},"modified":"2020-04-04T00:14:09","modified_gmt":"2020-04-03T21:14:09","slug":"dogu-turkistan-1-ay-karantina-sonrasi-onlem-alinmadan-hayat-normale-dondu-halk-tedirgin","status":"publish","type":"post","link":"https:\/\/akademiye.org\/tr\/?p=3826","title":{"rendered":"Do\u011fu T\u00fcrkistan: 1 ay Karantina sonras\u0131 \u00f6nlem al\u0131nmadan hayat normale d\u00f6nd\u00fc"},"content":{"rendered":"<p><img loading=\"lazy\" decoding=\"async\" class=\"aligncenter size-full wp-image-3833\" src=\"https:\/\/akademiye.org\/tr\/wp-content\/uploads\/2020\/04\/Urum\u00e7i.jpeg\" alt=\"\" width=\"1280\" height=\"720\" srcset=\"https:\/\/akademiye.org\/tr\/wp-content\/uploads\/2020\/04\/Urum\u00e7i.jpeg 1280w, https:\/\/akademiye.org\/tr\/wp-content\/uploads\/2020\/04\/Urum\u00e7i-400x225.jpeg 400w, https:\/\/akademiye.org\/tr\/wp-content\/uploads\/2020\/04\/Urum\u00e7i-1024x576.jpeg 1024w, https:\/\/akademiye.org\/tr\/wp-content\/uploads\/2020\/04\/Urum\u00e7i-768x432.jpeg 768w\" sizes=\"auto, (max-width: 1280px) 100vw, 1280px\" \/><\/p>\n<p>Kerem Congar<\/p>\n<p>\u00c7in&#8217;de Pekin h\u00fck\u00fcmetinin koronavir\u00fcs salg\u0131n\u0131n\u0131n kontrol alt\u0131na al\u0131nd\u0131\u011f\u0131n\u0131 a\u00e7\u0131klamas\u0131 sonras\u0131 Uygur \u00d6zerk B\u00f6lgesi&#8217;nde yeterli \u00f6nlemler al\u0131nmadan normal hayata d\u00f6n\u00fclmesi, Covid 19 tehlikesinin b\u00f6lgede yeniden yay\u0131lmas\u0131 korkular\u0131na neden oldu.<\/p>\n<p>\u00c7o\u011funlu\u011fu Uygur T\u00fcrk\u00fc ve M\u00fcsl\u00fcman az\u0131nl\u0131klardan olu\u015fan 25 milyon n\u00fcfuslu Do\u011fu T\u00fcrkistan&#8217;da resmi rakamlara g\u00f6re bug\u00fcne kadar 76 koronavir\u00fcs vakas\u0131 a\u00e7\u0131klanm\u0131\u015f ve \u00fc\u00e7 ki\u015fi hayat\u0131n\u0131 kaybetmi\u015fti.<\/p>\n<p>\u00dclkede yay\u0131n yapan devlet kontrol\u00fcndeki Halk\u0131n Gazetesi (Ren Min Wang), Uygur \u00d6zerk B\u00f6lgesi&#8217;nde 12 Mart tarihinden bu yana t\u00fcm in\u015faat alanlar\u0131, petrol rafinerileri ve tekstil fabrikalar\u0131n\u0131n tam kapasiteye yak\u0131n \u015fekilde \u00fcretime yeniden d\u00f6nd\u00fc\u011f\u00fc ve b\u00f6lgedeki t\u00fcm okullar\u0131n da yeniden e\u011fitim faaliyetlerine ba\u015flad\u0131\u011f\u0131n\u0131 yazd\u0131.<\/p>\n<p>Ancak b\u00f6lgede ya\u015fayanlar, toplama kamplar\u0131nda, \u00f6zel fabrikalarda ve b\u00f6lgedeki g\u00fcnl\u00fck ya\u015fant\u0131 i\u00e7erisinde hi\u00e7bir \u015fekilde \u00f6nlem al\u0131nmad\u0131\u011f\u0131n\u0131, hastal\u0131k yeniden ortaya \u00e7\u0131karsa sa\u011fl\u0131k ve ileti\u015fim imkanlar\u0131 k\u0131s\u0131tl\u0131 b\u00f6lgede b\u00fcy\u00fck bir felaketin ya\u015fanabilece\u011fini ifade ediyor.<\/p>\n<p>Bunun yan\u0131nda b\u00f6lgede karantina devam ederken Uygurlar\u0131n yiyecek ve i\u00e7ecek s\u0131k\u0131nt\u0131s\u0131 \u00e7ekti\u011fi ve soka\u011fa \u00e7\u0131kma yasa\u011f\u0131 sebebiyle bir\u00e7ok ailenin ellerindeki imkanlarla idare etmek zorunda kald\u0131\u011f\u0131na dair haberler \u00e7\u0131km\u0131\u015f, sosyal medyada \u00c7inli askerlerle Uygurlar\u0131n aras\u0131ndaki konu\u015fmalar viral olmu\u015ftu.<\/p>\n<p><strong>&#8216;Salg\u0131n \u00f6ncesi dahi hasta i\u015f\u00e7ilere toplama kamplar\u0131nda tedavi uygulanm\u0131yordu&#8217;<\/strong><\/p>\n<p>2018 y\u0131l\u0131nda Do\u011fu T\u00fcrkistan&#8217;daki toplama kamplar\u0131nda birka\u00e7 ayl\u0131\u011f\u0131na \u00c7ince \u00f6\u011fretmeni olarak \u00e7al\u0131\u015fan Sayrag\u00fcl Sauytbay, New York Times&#8217;a verdi\u011fi r\u00f6portaj\u0131nda toplama kamplar\u0131ndaki soruna dikkat \u00e7ekiyor. Bu yerlerde normal zamanlarda dahi hi\u00e7bir sa\u011fl\u0131k \u00f6nleminin al\u0131nmad\u0131\u011f\u0131n\u0131 belirten Sauytbay, &#8220;Ki\u015fisel tecr\u00fcbelerime dayanarak toplama kamplar\u0131nda hasta olan hi\u00e7bir ki\u015fiye t\u0131bbi yard\u0131m ya da ila\u00e7 tedavisi yap\u0131lm\u0131yordu. E\u011fer koronavir\u00fcs kamplara yay\u0131l\u0131rsa, yine hi\u00e7bir ki\u015fi tedavi edilmeyecek.&#8221; a\u00e7\u0131klamas\u0131nda bulundu.<\/p>\n<p>\u015eu anda T\u00fcrkiye&#8217;de ya\u015fayan Jevlan Shirmemmet ise annesi S\u00fcriye Tursun&#8217;un 5 y\u0131l ceza alarak Do\u011fu T\u00fcrkistan&#8217;daki toplama kamplar\u0131na al\u0131nd\u0131\u011f\u0131n\u0131 ve buralarda salg\u0131n ba\u015flarsa vir\u00fcsten korunman\u0131n \u00e7ok k\u00fc\u00e7\u00fck bir ihtimal oldu\u011funu ifade etti.<\/p>\n<p><strong>\u00c7in gazetesi: Mart ay\u0131 sonunda 50 bin Uygur i\u015f\u00e7i daha gelecek<\/strong><\/p>\n<p>\u00d6te yandan \u00c7ince yay\u0131n yapan Halk\u0131n Gazetesi, 20 Mart tarihinden itibaren Do\u011fu T\u00fcrkistan&#8217;\u0131n fakir b\u00f6lgelerinden yakla\u015f\u0131k 20 bin Uygur ve M\u00fcsl\u00fcman az\u0131nl\u0131\u011f\u0131n Hotan, Ka\u015fgar ve Urum\u00e7i gibi \u015fehirlerdeki fabrikalara getirildi\u011fi ve ay sonunda bu say\u0131n\u0131n 50 bin olaca\u011f\u0131n\u0131 duyurdu.<\/p>\n<p>\u015eubat ay\u0131nda \u00c7in&#8217;in do\u011fusunda \u00fc\u00e7 ayr\u0131 eyalette bulunan baz\u0131 hapishanelerde 500&#8217;\u00fc a\u015fk\u0131n mahkum ve gardiyanda koronavir\u00fcs vakas\u0131 tespit edilmi\u015f ancak resmi olarak can kayb\u0131 bildirilmemi\u015fti.<\/p>\n<p>Do\u011fu T\u00fcrkitan&#8217;da ilk koronavir\u00fcs vakas\u0131 23 Ocak&#8217;ta g\u00f6r\u00fclm\u00fc\u015f ve b\u00f6lge karantina alt\u0131na al\u0131nm\u0131\u015ft\u0131.<\/p>\n<p><strong>1.200 toplama kamp\u0131nda 1 ila 3 milyon Uygur tutuluyor<\/strong><\/p>\n<p>Do\u011fu T\u00fcrkistan genelinde bin 200&#8217;den fazla toplama kamp\u0131 oldu\u011fu biliniyor. \u00c7in h\u00fck\u00fcmetinin &#8216;yeniden e\u011fitim merkezi&#8217; ya da mesleki e\u011fitim merkezi&#8217; olarak lanse etti\u011fi merkezler, Birle\u015fmi\u015f Milletler ve di\u011fer insan haklar\u0131 \u00f6rg\u00fctlerine g\u00f6re &#8220;toplama kamp\u0131&#8221; olarak kabul ediliyor.<\/p>\n<p>ABD D\u0131\u015fi\u015fleri Bakanl\u0131\u011f\u0131&#8217;n\u0131n verilerine g\u00f6re, Do\u011fu T\u00fcrkistan genelindeki toplama kamplar\u0131nda 1-3 milyon civar\u0131nda \u00e7o\u011funlu\u011fu Uygur ve Kazak olmak \u00fczere M\u00fcsl\u00fcman az\u0131nl\u0131klara mensup ki\u015filer tutuluyor.<\/p>\n<p>Kaynak: Euro News<\/p>\n<p>https:\/\/tr.euronews.com\/2020\/03\/30\/dogu-turkistan-1-ay-karantina-sonras-onlem-al-nmadan-hayat-normale-dondu-halk-tedirgin<\/p>\n","protected":false},"excerpt":{"rendered":"<p>Kerem Congar \u00c7in&#8217;de Pekin h\u00fck\u00fcmetinin koronavir\u00fcs salg\u0131n\u0131n\u0131n kontrol alt\u0131na al\u0131nd\u0131\u011f\u0131n\u0131 a\u00e7\u0131klamas\u0131 sonras\u0131 Uygur \u00d6zerk B\u00f6lgesi&#8217;nde yeterli \u00f6nlemler al\u0131nmadan normal hayata d\u00f6n\u00fclmesi, Covid 19 tehlikesinin b\u00f6lgede yeniden yay\u0131lmas\u0131 korkular\u0131na neden oldu. \u00c7o\u011funlu\u011fu Uygur T\u00fcrk\u00fc ve M\u00fcsl\u00fcman az\u0131nl\u0131klardan olu\u015fan 25 milyon n\u00fcfuslu Do\u011fu T\u00fcrkistan&#8217;da resmi rakamlara g\u00f6re bug\u00fcne kadar 76 koronavir\u00fcs vakas\u0131 a\u00e7\u0131klanm\u0131\u015f ve \u00fc\u00e7 ki\u015fi hayat\u0131n\u0131 [&hellip;]<\/p>\n","protected":false},"author":3,"featured_media":0,"comment_status":"closed","ping_status":"closed","sticky":false,"template":"","format":"standard","meta":{"footnotes":""},"categories":[22],"tags":[],"class_list":["post-3826","post","type-post","status-publish","format-standard","hentry","category-cinin-uygur-politikasi"],"_links":{"self":[{"href":"https:\/\/akademiye.org\/tr\/index.php?rest_route=\/wp\/v2\/posts\/3826","targetHints":{"allow":["GET"]}}],"collection":[{"href":"https:\/\/akademiye.org\/tr\/index.php?rest_route=\/wp\/v2\/posts"}],"about":[{"href":"https:\/\/akademiye.org\/tr\/index.php?rest_route=\/wp\/v2\/types\/post"}],"author":[{"embeddable":true,"href":"https:\/\/akademiye.org\/tr\/index.php?rest_route=\/wp\/v2\/users\/3"}],"replies":[{"embeddable":true,"href":"https:\/\/akademiye.org\/tr\/index.php?rest_route=%2Fwp%2Fv2%2Fcomments&post=3826"}],"version-history":[{"count":3,"href":"https:\/\/akademiye.org\/tr\/index.php?rest_route=\/wp\/v2\/posts\/3826\/revisions"}],"predecessor-version":[{"id":3834,"href":"https:\/\/akademiye.org\/tr\/index.php?rest_route=\/wp\/v2\/posts\/3826\/revisions\/3834"}],"wp:attachment":[{"href":"https:\/\/akademiye.org\/tr\/index.php?rest_route=%2Fwp%2Fv2%2Fmedia&parent=3826"}],"wp:term":[{"taxonomy":"category","embeddable":true,"href":"https:\/\/akademiye.org\/tr\/index.php?rest_route=%2Fwp%2Fv2%2Fcategories&post=3826"},{"taxonomy":"post_tag","embeddable":true,"href":"https:\/\/akademiye.org\/tr\/index.php?rest_route=%2Fwp%2Fv2%2Ftags&post=3826"}],"curies":[{"name":"wp","href":"https:\/\/api.w.org\/{rel}","templated":true}]}}